{"id":93,"date":"2025-06-11T13:56:13","date_gmt":"2025-06-11T11:56:13","guid":{"rendered":"https:\/\/labofam.cl\/?p=93"},"modified":"2026-03-18T19:15:51","modified_gmt":"2026-03-18T18:15:51","slug":"daniela-olivares","status":"publish","type":"post","link":"https:\/\/labofam.cl\/en\/2025\/06\/11\/daniela-olivares\/","title":{"rendered":"Daniela Olivares"},"content":{"rendered":"<p>Mag\u00edster en Estad\u00edstica de la Pontificia Universidad Cat\u00f3lica de Chile (2022). Licenciada en Sociolog\u00eda de la Universidad de Chile (2019).<\/p>\n<p>Daniela es asistente de investigaci\u00f3n del proyecto \u201cClases sociales, movimientos sindicales y conflicto en tiempos de crisis: un estudio comparativo de Argentina y Chile, CONCLAT\u201d (Fondecyt Regular N\u00b01230056). Anteriormente, fue coordinadora t\u00e9cnica del Estudio Longitudinal Social de Chile (ELSOC) del Centro de Estudios del Conflicto y la Cohesi\u00f3n Social (COES), y asistente metodol\u00f3gica en diversas investigaciones.<\/p>","protected":false},"excerpt":{"rendered":"<p>Mag\u00edster en Estad\u00edstica de la Pontificia Universidad Cat\u00f3lica de Chile (2022). Licenciada en Sociolog\u00eda de la Universidad de Chile (2019). Daniela es asistente de investigaci\u00f3n del proyecto \u201cClases sociales, movimientos sindicales y conflicto en tiempos de crisis: un estudio comparativo de Argentina y Chile, CONCLAT\u201d (Fondecyt Regular N\u00b01230056). Anteriormente, fue coordinadora t\u00e9cnica del Estudio Longitudinal [&hellip;]<\/p>","protected":false},"author":1,"featured_media":212,"comment_status":"open","ping_status":"open","sticky":false,"template":"","format":"standard","meta":{"_acf_changed":false,"footnotes":""},"categories":[17],"tags":[],"class_list":["post-93","post","type-post","status-publish","format-standard","has-post-thumbnail","hentry","category-asistente-de-investigacion"],"acf":[],"_links":{"self":[{"href":"https:\/\/labofam.cl\/en\/wp-json\/wp\/v2\/posts\/93","targetHints":{"allow":["GET"]}}],"collection":[{"href":"https:\/\/labofam.cl\/en\/wp-json\/wp\/v2\/posts"}],"about":[{"href":"https:\/\/labofam.cl\/en\/wp-json\/wp\/v2\/types\/post"}],"author":[{"embeddable":true,"href":"https:\/\/labofam.cl\/en\/wp-json\/wp\/v2\/users\/1"}],"replies":[{"embeddable":true,"href":"https:\/\/labofam.cl\/en\/wp-json\/wp\/v2\/comments?post=93"}],"version-history":[{"count":5,"href":"https:\/\/labofam.cl\/en\/wp-json\/wp\/v2\/posts\/93\/revisions"}],"predecessor-version":[{"id":395,"href":"https:\/\/labofam.cl\/en\/wp-json\/wp\/v2\/posts\/93\/revisions\/395"}],"wp:featuredmedia":[{"embeddable":true,"href":"https:\/\/labofam.cl\/en\/wp-json\/wp\/v2\/media\/212"}],"wp:attachment":[{"href":"https:\/\/labofam.cl\/en\/wp-json\/wp\/v2\/media?parent=93"}],"wp:term":[{"taxonomy":"category","embeddable":true,"href":"https:\/\/labofam.cl\/en\/wp-json\/wp\/v2\/categories?post=93"},{"taxonomy":"post_tag","embeddable":true,"href":"https:\/\/labofam.cl\/en\/wp-json\/wp\/v2\/tags?post=93"}],"curies":[{"name":"wp","href":"https:\/\/api.w.org\/{rel}","templated":true}]}}