{"id":89,"date":"2025-06-11T13:54:26","date_gmt":"2025-06-11T11:54:26","guid":{"rendered":"https:\/\/labofam.cl\/?p=89"},"modified":"2026-03-11T18:56:05","modified_gmt":"2026-03-11T17:56:05","slug":"fabiana-ivankovic","status":"publish","type":"post","link":"https:\/\/labofam.cl\/en\/2025\/06\/11\/fabiana-ivankovic\/","title":{"rendered":"Fabiana Ivankovic"},"content":{"rendered":"<p>Asistente de investigaci\u00f3n de la L\u00ednea Trabajo, Vida Colectiva y Participaci\u00f3n Pol\u00edtica. Soci\u00f3loga y estudiante de Mag\u00edster en Ciencia Pol\u00edtica por la Universidad de Chile. Se desempe\u00f1a tambi\u00e9n como asistente de investigaci\u00f3n del proyecto Fondecyt Regular N\u00ba1251621 \u201cEspacio y participaci\u00f3n pol\u00edtica en j\u00f3venes de barrios populares en Chile\u201d, dirigido por Dr. Nicol\u00e1s Angelcos. Anteriormente, fue asistente de la L\u00ednea de Investigaci\u00f3n Conflicto Pol\u00edtico y Social en el Centro de Estudios de Conflicto y Cohesi\u00f3n Social (COES).<\/p>","protected":false},"excerpt":{"rendered":"<p>Asistente de investigaci\u00f3n de la L\u00ednea Trabajo, Vida Colectiva y Participaci\u00f3n Pol\u00edtica. Soci\u00f3loga y estudiante de Mag\u00edster en Ciencia Pol\u00edtica por la Universidad de Chile. Se desempe\u00f1a tambi\u00e9n como asistente de investigaci\u00f3n del proyecto Fondecyt Regular N\u00ba1251621 \u201cEspacio y participaci\u00f3n pol\u00edtica en j\u00f3venes de barrios populares en Chile\u201d, dirigido por Dr. Nicol\u00e1s Angelcos. Anteriormente, fue [&hellip;]<\/p>","protected":false},"author":1,"featured_media":214,"comment_status":"open","ping_status":"open","sticky":false,"template":"","format":"standard","meta":{"_acf_changed":false,"footnotes":""},"categories":[17],"tags":[],"class_list":["post-89","post","type-post","status-publish","format-standard","has-post-thumbnail","hentry","category-asistente-de-investigacion"],"acf":[],"_links":{"self":[{"href":"https:\/\/labofam.cl\/en\/wp-json\/wp\/v2\/posts\/89","targetHints":{"allow":["GET"]}}],"collection":[{"href":"https:\/\/labofam.cl\/en\/wp-json\/wp\/v2\/posts"}],"about":[{"href":"https:\/\/labofam.cl\/en\/wp-json\/wp\/v2\/types\/post"}],"author":[{"embeddable":true,"href":"https:\/\/labofam.cl\/en\/wp-json\/wp\/v2\/users\/1"}],"replies":[{"embeddable":true,"href":"https:\/\/labofam.cl\/en\/wp-json\/wp\/v2\/comments?post=89"}],"version-history":[{"count":5,"href":"https:\/\/labofam.cl\/en\/wp-json\/wp\/v2\/posts\/89\/revisions"}],"predecessor-version":[{"id":394,"href":"https:\/\/labofam.cl\/en\/wp-json\/wp\/v2\/posts\/89\/revisions\/394"}],"wp:featuredmedia":[{"embeddable":true,"href":"https:\/\/labofam.cl\/en\/wp-json\/wp\/v2\/media\/214"}],"wp:attachment":[{"href":"https:\/\/labofam.cl\/en\/wp-json\/wp\/v2\/media?parent=89"}],"wp:term":[{"taxonomy":"category","embeddable":true,"href":"https:\/\/labofam.cl\/en\/wp-json\/wp\/v2\/categories?post=89"},{"taxonomy":"post_tag","embeddable":true,"href":"https:\/\/labofam.cl\/en\/wp-json\/wp\/v2\/tags?post=89"}],"curies":[{"name":"wp","href":"https:\/\/api.w.org\/{rel}","templated":true}]}}