{"id":82,"date":"2025-06-11T13:50:53","date_gmt":"2025-06-11T11:50:53","guid":{"rendered":"https:\/\/labofam.cl\/?p=82"},"modified":"2026-03-09T15:24:33","modified_gmt":"2026-03-09T14:24:33","slug":"claudia-jordana","status":"publish","type":"post","link":"https:\/\/labofam.cl\/en\/2025\/06\/11\/claudia-jordana\/","title":{"rendered":"Claudia Jordana"},"content":{"rendered":"<p>Doctora en Sociolog\u00eda y Mag\u00edster en Ciencias Sociales de la \u00c9cole des Hautes \u00c9tudes en Sciences Sociales (EHESS), Par\u00eds (2018). Soci\u00f3loga de la Universidad de Chile (2009).<\/p>\n<p>Claudia es Profesora Auxiliar de la Facultad de Ciencias Sociales y Econ\u00f3micas de la Universidad Cat\u00f3lica del Maule, donde tambi\u00e9n se desempe\u00f1a como Directora de la Escuela de Sociolog\u00eda. Es investigadora del Centro de Estudios Urbano Territoriales (CEUT) y co-investigadora del proyecto \u201cLimitaciones y posibilidades para la constituci\u00f3n de una esfera comunitaria aut\u00f3noma en Chile\u201d (Fondecyt Regular N\u00b01220173) y del proyecto \u201cImaginarios territoriales de los habitantes de sectores afectados por el Bypass Talca\u201d. Tambi\u00e9n fue asistente de investigaci\u00f3n en varios proyectos vinculados a trabajo y desigualdades sociales. Sus art\u00edculos han sido publicados en revistas como Journal of Industrial Relations, International Journal of Communication, Psicoperspectivas, y Revista Austral de Ciencias Sociales, entre otras.<\/p>","protected":false},"excerpt":{"rendered":"<p>Doctora en Sociolog\u00eda y Mag\u00edster en Ciencias Sociales de la \u00c9cole des Hautes \u00c9tudes en Sciences Sociales (EHESS), Par\u00eds (2018). Soci\u00f3loga de la Universidad de Chile (2009). Claudia es Profesora Auxiliar de la Facultad de Ciencias Sociales y Econ\u00f3micas de la Universidad Cat\u00f3lica del Maule, donde tambi\u00e9n se desempe\u00f1a como Directora de la Escuela de [&hellip;]<\/p>","protected":false},"author":1,"featured_media":210,"comment_status":"open","ping_status":"open","sticky":false,"template":"","format":"standard","meta":{"_acf_changed":false,"footnotes":""},"categories":[16],"tags":[],"class_list":["post-82","post","type-post","status-publish","format-standard","has-post-thumbnail","hentry","category-investigador-joven"],"acf":[],"_links":{"self":[{"href":"https:\/\/labofam.cl\/en\/wp-json\/wp\/v2\/posts\/82","targetHints":{"allow":["GET"]}}],"collection":[{"href":"https:\/\/labofam.cl\/en\/wp-json\/wp\/v2\/posts"}],"about":[{"href":"https:\/\/labofam.cl\/en\/wp-json\/wp\/v2\/types\/post"}],"author":[{"embeddable":true,"href":"https:\/\/labofam.cl\/en\/wp-json\/wp\/v2\/users\/1"}],"replies":[{"embeddable":true,"href":"https:\/\/labofam.cl\/en\/wp-json\/wp\/v2\/comments?post=82"}],"version-history":[{"count":3,"href":"https:\/\/labofam.cl\/en\/wp-json\/wp\/v2\/posts\/82\/revisions"}],"predecessor-version":[{"id":382,"href":"https:\/\/labofam.cl\/en\/wp-json\/wp\/v2\/posts\/82\/revisions\/382"}],"wp:featuredmedia":[{"embeddable":true,"href":"https:\/\/labofam.cl\/en\/wp-json\/wp\/v2\/media\/210"}],"wp:attachment":[{"href":"https:\/\/labofam.cl\/en\/wp-json\/wp\/v2\/media?parent=82"}],"wp:term":[{"taxonomy":"category","embeddable":true,"href":"https:\/\/labofam.cl\/en\/wp-json\/wp\/v2\/categories?post=82"},{"taxonomy":"post_tag","embeddable":true,"href":"https:\/\/labofam.cl\/en\/wp-json\/wp\/v2\/tags?post=82"}],"curies":[{"name":"wp","href":"https:\/\/api.w.org\/{rel}","templated":true}]}}