{"id":76,"date":"2025-06-11T13:48:47","date_gmt":"2025-06-11T11:48:47","guid":{"rendered":"https:\/\/labofam.cl\/?p=76"},"modified":"2026-03-09T14:51:22","modified_gmt":"2026-03-09T13:51:22","slug":"patricia-retamal","status":"publish","type":"post","link":"https:\/\/labofam.cl\/en\/2025\/06\/11\/patricia-retamal\/","title":{"rendered":"Patricia Retamal"},"content":{"rendered":"<p>Doctora en Territorio, Espacio y Sociedad por la Universidad de Chile, Mag\u00edster en Estudios de G\u00e9nero y Cultura con menci\u00f3n en Ciencias Sociales por la misma casa de estudios, y Licenciada en Ciencias de la Educaci\u00f3n con t\u00edtulo profesional de Profesora de Historia y Geograf\u00eda por la Universidad de Concepci\u00f3n.<\/p>\n<p>Su l\u00ednea de investigaci\u00f3n se sit\u00faa en la intersecci\u00f3n entre territorio, g\u00e9nero y cuidados, con \u00e9nfasis en el estudio del empleo femenino y los arreglos intrafamiliares en contextos rurales. Adem\u00e1s, participa en proyectos de investigaci\u00f3n que buscan visibilizar y valorar el trabajo de cuidados, aportando con evidencia emp\u00edrica al dise\u00f1o de pol\u00edticas p\u00fablicas m\u00e1s justas e inclusivas.<\/p>","protected":false},"excerpt":{"rendered":"<p>Doctora en Territorio, Espacio y Sociedad por la Universidad de Chile, Mag\u00edster en Estudios de G\u00e9nero y Cultura con menci\u00f3n en Ciencias Sociales por la misma casa de estudios, y Licenciada en Ciencias de la Educaci\u00f3n con t\u00edtulo profesional de Profesora de Historia y Geograf\u00eda por la Universidad de Concepci\u00f3n. Su l\u00ednea de investigaci\u00f3n se [&hellip;]<\/p>","protected":false},"author":1,"featured_media":204,"comment_status":"open","ping_status":"open","sticky":false,"template":"","format":"standard","meta":{"_acf_changed":false,"footnotes":""},"categories":[15],"tags":[],"class_list":["post-76","post","type-post","status-publish","format-standard","has-post-thumbnail","hentry","category-investigador-adjunto"],"acf":[],"_links":{"self":[{"href":"https:\/\/labofam.cl\/en\/wp-json\/wp\/v2\/posts\/76","targetHints":{"allow":["GET"]}}],"collection":[{"href":"https:\/\/labofam.cl\/en\/wp-json\/wp\/v2\/posts"}],"about":[{"href":"https:\/\/labofam.cl\/en\/wp-json\/wp\/v2\/types\/post"}],"author":[{"embeddable":true,"href":"https:\/\/labofam.cl\/en\/wp-json\/wp\/v2\/users\/1"}],"replies":[{"embeddable":true,"href":"https:\/\/labofam.cl\/en\/wp-json\/wp\/v2\/comments?post=76"}],"version-history":[{"count":4,"href":"https:\/\/labofam.cl\/en\/wp-json\/wp\/v2\/posts\/76\/revisions"}],"predecessor-version":[{"id":362,"href":"https:\/\/labofam.cl\/en\/wp-json\/wp\/v2\/posts\/76\/revisions\/362"}],"wp:featuredmedia":[{"embeddable":true,"href":"https:\/\/labofam.cl\/en\/wp-json\/wp\/v2\/media\/204"}],"wp:attachment":[{"href":"https:\/\/labofam.cl\/en\/wp-json\/wp\/v2\/media?parent=76"}],"wp:term":[{"taxonomy":"category","embeddable":true,"href":"https:\/\/labofam.cl\/en\/wp-json\/wp\/v2\/categories?post=76"},{"taxonomy":"post_tag","embeddable":true,"href":"https:\/\/labofam.cl\/en\/wp-json\/wp\/v2\/tags?post=76"}],"curies":[{"name":"wp","href":"https:\/\/api.w.org\/{rel}","templated":true}]}}