{"id":63,"date":"2025-06-11T13:39:54","date_gmt":"2025-06-11T11:39:54","guid":{"rendered":"https:\/\/labofam.cl\/?p=63"},"modified":"2026-03-09T15:22:20","modified_gmt":"2026-03-09T14:22:20","slug":"rodrigo-palomo","status":"publish","type":"post","link":"https:\/\/labofam.cl\/en\/2025\/06\/11\/rodrigo-palomo\/","title":{"rendered":"Rodrigo Palomo"},"content":{"rendered":"<p>Licenciado en Ciencias Jur\u00eddicas (Universidad de Talca). Doctor en Derecho del Trabajo y de la Seguridad Social (Universidad de Valencia, Espa\u00f1a). Abogado.<\/p>\n<p>Rodrigo es Profesor Asociado en la Facultad de Ciencias Jur\u00eddicas y Sociales, Universidad de Talca. Actualmente, se desempe\u00f1a como Vicerrector Acad\u00e9mico de la misma universidad (2024 a la fecha). Tambi\u00e9n en la Universidad de Talca, fue Director de la Junta Directiva (2023-2024), Decano de la Facultad de Ciencias Jur\u00eddicas y Sociales (2020-2023) y Secretario General (2018-2019). Fue Presidente de la Sociedad Chilena de Derecho del Trabajo y de la Seguridad Social (2017-2019). Actualmente, integra el comit\u00e9 ejecutivo para Am\u00e9rica Latina de CIELO Laboral (2020 a la fecha) y es Miembro correspondiente de la Academia Brasile\u00f1a de Derecho del Trabajo (2021 a la fecha). Es par evaluador de varias agencias: Agencia Qualitas (Mag\u00edster en Derecho, Universidad de Chile), Agencia Acreditadora de Chile (Derecho, Universidad Cat\u00f3lica de Chile; Derecho Universidad Cat\u00f3lica de Temuco; Derecho Universidad Cat\u00f3lica del Norte; Derecho Universidad Cat\u00f3lica de Colombia) y Agencia IAC-CINDA (Derecho, Universidad del Pac\u00edfico, Per\u00fa). Su investigaci\u00f3n es de car\u00e1cter internacional. En Chile y en el extranjero ha dirigido proyectos concursables y con financiamiento externo, publicado en prestigiosas revistas, y realizado ponencias, conferencias y clases en diversas universidades. Su investigaci\u00f3n abarca: bases dogm\u00e1ticas y principios del Derecho del Trabajo, Derecho Colectivo del Trabajo, mecanismos alternativos de soluci\u00f3n de conflictos laborales, trabajo y personas mayores, nuevas formas de trabajo en el entorno digital, y conciliaci\u00f3n de trabajo y vida personal. Rodrigo tambi\u00e9n es profesor de diversas escuelas para dirigentes sindicales en Chile.<\/p>","protected":false},"excerpt":{"rendered":"<p>Licenciado en Ciencias Jur\u00eddicas (Universidad de Talca). Doctor en Derecho del Trabajo y de la Seguridad Social (Universidad de Valencia, Espa\u00f1a). Abogado. Rodrigo es Profesor Asociado en la Facultad de Ciencias Jur\u00eddicas y Sociales, Universidad de Talca. Actualmente, se desempe\u00f1a como Vicerrector Acad\u00e9mico de la misma universidad (2024 a la fecha). Tambi\u00e9n en la Universidad [&hellip;]<\/p>","protected":false},"author":1,"featured_media":292,"comment_status":"open","ping_status":"open","sticky":false,"template":"","format":"standard","meta":{"_acf_changed":false,"footnotes":""},"categories":[14],"tags":[],"class_list":["post-63","post","type-post","status-publish","format-standard","has-post-thumbnail","hentry","category-investigador-principal"],"acf":[],"_links":{"self":[{"href":"https:\/\/labofam.cl\/en\/wp-json\/wp\/v2\/posts\/63","targetHints":{"allow":["GET"]}}],"collection":[{"href":"https:\/\/labofam.cl\/en\/wp-json\/wp\/v2\/posts"}],"about":[{"href":"https:\/\/labofam.cl\/en\/wp-json\/wp\/v2\/types\/post"}],"author":[{"embeddable":true,"href":"https:\/\/labofam.cl\/en\/wp-json\/wp\/v2\/users\/1"}],"replies":[{"embeddable":true,"href":"https:\/\/labofam.cl\/en\/wp-json\/wp\/v2\/comments?post=63"}],"version-history":[{"count":3,"href":"https:\/\/labofam.cl\/en\/wp-json\/wp\/v2\/posts\/63\/revisions"}],"predecessor-version":[{"id":375,"href":"https:\/\/labofam.cl\/en\/wp-json\/wp\/v2\/posts\/63\/revisions\/375"}],"wp:featuredmedia":[{"embeddable":true,"href":"https:\/\/labofam.cl\/en\/wp-json\/wp\/v2\/media\/292"}],"wp:attachment":[{"href":"https:\/\/labofam.cl\/en\/wp-json\/wp\/v2\/media?parent=63"}],"wp:term":[{"taxonomy":"category","embeddable":true,"href":"https:\/\/labofam.cl\/en\/wp-json\/wp\/v2\/categories?post=63"},{"taxonomy":"post_tag","embeddable":true,"href":"https:\/\/labofam.cl\/en\/wp-json\/wp\/v2\/tags?post=63"}],"curies":[{"name":"wp","href":"https:\/\/api.w.org\/{rel}","templated":true}]}}