{"id":430,"date":"2026-04-27T22:49:18","date_gmt":"2026-04-27T20:49:18","guid":{"rendered":"https:\/\/labofam.cl\/?p=430"},"modified":"2026-04-27T22:50:02","modified_gmt":"2026-04-27T20:50:02","slug":"director-de-labofam-participo-en-conferencia-internacional-sobre-procesos-laborales-en-reino-unido","status":"publish","type":"post","link":"https:\/\/labofam.cl\/en\/2026\/04\/27\/director-de-labofam-participo-en-conferencia-internacional-sobre-procesos-laborales-en-reino-unido\/","title":{"rendered":"Director de LABOFAM particip\u00f3 en conferencia internacional sobre procesos laborales en Reino Unido"},"content":{"rendered":"<p data-start=\"442\" data-end=\"745\">En la instancia, present\u00f3 la investigaci\u00f3n <em data-start=\"485\" data-end=\"605\">\u201cLabor Conflict, Power Resources, and Employer Association Membership: Evidence from Chile in Comparative Perspective\u201d<\/em>, en la que aborda el conflicto laboral, los recursos de poder y la afiliaci\u00f3n a asociaciones empresariales desde una perspectiva comparada.<\/p>\n<p data-start=\"747\" data-end=\"1194\">En el marco de su participaci\u00f3n, el director de LABOFAM tambi\u00e9n sostuvo una reuni\u00f3n con el acad\u00e9mico <strong data-start=\"848\" data-end=\"889\"><span class=\"hover:entity-accent entity-underline inline cursor-pointer align-baseline\"><span class=\"whitespace-normal\">Miguel Mart\u00ednez Lucio<\/span><\/span><\/strong>, profesor de International HRM &amp; Comparative Industrial Relations de la <span class=\"hover:entity-accent entity-underline inline cursor-pointer align-baseline\"><span class=\"whitespace-normal\">University of Manchester<\/span><\/span>. Durante el encuentro, conversaron sobre la posibilidad de organizar un seminario internacional impulsado por el N\u00facleo Milenio LABOFAM, en el que Mart\u00ednez participar\u00eda como expositor principal.<\/p>","protected":false},"excerpt":{"rendered":"<p>En la instancia, present\u00f3 la investigaci\u00f3n \u201cLabor Conflict, Power Resources, and Employer Association Membership: Evidence from Chile in Comparative Perspective\u201d, en la que aborda el conflicto laboral, los recursos de poder y la afiliaci\u00f3n a asociaciones empresariales desde una perspectiva comparada. En el marco de su participaci\u00f3n, el director de LABOFAM tambi\u00e9n sostuvo una reuni\u00f3n [&hellip;]<\/p>","protected":false},"author":1,"featured_media":431,"comment_status":"open","ping_status":"open","sticky":false,"template":"","format":"standard","meta":{"_acf_changed":false,"footnotes":""},"categories":[25],"tags":[],"class_list":["post-430","post","type-post","status-publish","format-standard","has-post-thumbnail","hentry","category-noticia"],"acf":[],"_links":{"self":[{"href":"https:\/\/labofam.cl\/en\/wp-json\/wp\/v2\/posts\/430","targetHints":{"allow":["GET"]}}],"collection":[{"href":"https:\/\/labofam.cl\/en\/wp-json\/wp\/v2\/posts"}],"about":[{"href":"https:\/\/labofam.cl\/en\/wp-json\/wp\/v2\/types\/post"}],"author":[{"embeddable":true,"href":"https:\/\/labofam.cl\/en\/wp-json\/wp\/v2\/users\/1"}],"replies":[{"embeddable":true,"href":"https:\/\/labofam.cl\/en\/wp-json\/wp\/v2\/comments?post=430"}],"version-history":[{"count":1,"href":"https:\/\/labofam.cl\/en\/wp-json\/wp\/v2\/posts\/430\/revisions"}],"predecessor-version":[{"id":432,"href":"https:\/\/labofam.cl\/en\/wp-json\/wp\/v2\/posts\/430\/revisions\/432"}],"wp:featuredmedia":[{"embeddable":true,"href":"https:\/\/labofam.cl\/en\/wp-json\/wp\/v2\/media\/431"}],"wp:attachment":[{"href":"https:\/\/labofam.cl\/en\/wp-json\/wp\/v2\/media?parent=430"}],"wp:term":[{"taxonomy":"category","embeddable":true,"href":"https:\/\/labofam.cl\/en\/wp-json\/wp\/v2\/categories?post=430"},{"taxonomy":"post_tag","embeddable":true,"href":"https:\/\/labofam.cl\/en\/wp-json\/wp\/v2\/tags?post=430"}],"curies":[{"name":"wp","href":"https:\/\/api.w.org\/{rel}","templated":true}]}}