{"id":412,"date":"2026-03-23T17:55:56","date_gmt":"2026-03-23T16:55:56","guid":{"rendered":"https:\/\/labofam.cl\/?p=412"},"modified":"2026-03-23T17:55:56","modified_gmt":"2026-03-23T16:55:56","slug":"celeste-avila","status":"publish","type":"post","link":"https:\/\/labofam.cl\/en\/2026\/03\/23\/celeste-avila\/","title":{"rendered":"Celeste \u00c1vila"},"content":{"rendered":"<p>Licenciada en Sociolog\u00eda por la Universidad de Chile y Diplomada en Metodolog\u00edas Participativas para la Acci\u00f3n Comunitaria por la misma casa de estudios. Integra el N\u00facleo Sentipensante de Metodolog\u00edas Participativas y, actualmente, forma parte de Labofam como practicante en la l\u00ednea de Proyecci\u00f3n al Medio Externo.<\/p>","protected":false},"excerpt":{"rendered":"<p>Licenciada en Sociolog\u00eda por la Universidad de Chile y Diplomada en Metodolog\u00edas Participativas para la Acci\u00f3n Comunitaria por la misma casa de estudios. Integra el N\u00facleo Sentipensante de Metodolog\u00edas Participativas y, actualmente, forma parte de Labofam como practicante en la l\u00ednea de Proyecci\u00f3n al Medio Externo.<\/p>","protected":false},"author":1,"featured_media":405,"comment_status":"open","ping_status":"open","sticky":false,"template":"","format":"standard","meta":{"_acf_changed":false,"footnotes":""},"categories":[23],"tags":[],"class_list":["post-412","post","type-post","status-publish","format-standard","has-post-thumbnail","hentry","category-formacion"],"acf":[],"_links":{"self":[{"href":"https:\/\/labofam.cl\/en\/wp-json\/wp\/v2\/posts\/412","targetHints":{"allow":["GET"]}}],"collection":[{"href":"https:\/\/labofam.cl\/en\/wp-json\/wp\/v2\/posts"}],"about":[{"href":"https:\/\/labofam.cl\/en\/wp-json\/wp\/v2\/types\/post"}],"author":[{"embeddable":true,"href":"https:\/\/labofam.cl\/en\/wp-json\/wp\/v2\/users\/1"}],"replies":[{"embeddable":true,"href":"https:\/\/labofam.cl\/en\/wp-json\/wp\/v2\/comments?post=412"}],"version-history":[{"count":1,"href":"https:\/\/labofam.cl\/en\/wp-json\/wp\/v2\/posts\/412\/revisions"}],"predecessor-version":[{"id":413,"href":"https:\/\/labofam.cl\/en\/wp-json\/wp\/v2\/posts\/412\/revisions\/413"}],"wp:featuredmedia":[{"embeddable":true,"href":"https:\/\/labofam.cl\/en\/wp-json\/wp\/v2\/media\/405"}],"wp:attachment":[{"href":"https:\/\/labofam.cl\/en\/wp-json\/wp\/v2\/media?parent=412"}],"wp:term":[{"taxonomy":"category","embeddable":true,"href":"https:\/\/labofam.cl\/en\/wp-json\/wp\/v2\/categories?post=412"},{"taxonomy":"post_tag","embeddable":true,"href":"https:\/\/labofam.cl\/en\/wp-json\/wp\/v2\/tags?post=412"}],"curies":[{"name":"wp","href":"https:\/\/api.w.org\/{rel}","templated":true}]}}