{"id":400,"date":"2026-03-20T19:08:38","date_gmt":"2026-03-20T18:08:38","guid":{"rendered":"https:\/\/labofam.cl\/?p=400"},"modified":"2026-03-20T19:08:38","modified_gmt":"2026-03-20T18:08:38","slug":"opinion-mujeres-trabajadoras-organizadas-desafios-para-los-proximos-cuatro-anos","status":"publish","type":"post","link":"https:\/\/labofam.cl\/en\/2026\/03\/20\/opinion-mujeres-trabajadoras-organizadas-desafios-para-los-proximos-cuatro-anos\/","title":{"rendered":"Opini\u00f3n &#8211; Mujeres trabajadoras organizadas: desaf\u00edos para los pr\u00f3ximos cuatro a\u00f1os"},"content":{"rendered":"<p>Las respuestas que emergieron del di\u00e1logo colectivo fueron diversas y convergieron en un diagn\u00f3stico compartido: los avances logrados en materia de derechos laborales y de igualdad de g\u00e9nero siguen siendo fr\u00e1giles y requieren ser defendidos activamente. En este sentido, uno de los consensos m\u00e1s reiterados durante la jornada fue la necesidad de no retroceder en las conquistas alcanzadas. La expresi\u00f3n \u201cni un paso atr\u00e1s\u201d apareci\u00f3 una y otra vez entre las intervenciones, configurando una especie de pacto t\u00e1cito entre las participantes.<\/p>\n<p>Este diagn\u00f3stico no es casual. Las pol\u00edticas laborales con enfoque de g\u00e9nero en Chile han sido hist\u00f3ricamente el resultado de largos procesos de movilizaci\u00f3n social, negociaci\u00f3n sindical y disputa pol\u00edtica. Desde la ampliaci\u00f3n de los derechos de maternidad hasta la reciente discusi\u00f3n sobre conciliaci\u00f3n entre trabajo y vida familiar, cada avance ha estado acompa\u00f1ado de largas discusiones pol\u00edticas. En ese contexto, la eventual reconfiguraci\u00f3n de las prioridades del Estado durante los pr\u00f3ximos a\u00f1os abre interrogantes leg\u00edtimas sobre la continuidad y profundizaci\u00f3n de estas pol\u00edticas.<\/p>\n<p>Las intervenciones de las dirigentas sindicales y trabajadoras presentes en el encuentro permitieron identificar al menos tres dimensiones centrales de los desaf\u00edos que enfrentan las mujeres trabajadoras en el actual escenario pol\u00edtico.<\/p>\n<p>La primera dimensi\u00f3n refiere al rol del Estado en la garant\u00eda de derechos laborales con perspectiva de g\u00e9nero. En el intercambio colectivo aparecieron con fuerza demandas hist\u00f3ricas del movimiento sindical de mujeres: igualdad salarial, ampliaci\u00f3n de los derechos materno-laborales, establecimiento de una sala cuna universal y fortalecimiento de las pol\u00edticas de corresponsabilidad en el cuidado. Estas demandas responden a las condiciones concretas que enfrentan millones de mujeres trabajadoras, quienes contin\u00faan sosteniendo una doble o triple jornada entre trabajo remunerado y responsabilidades de cuidado no remuneradas.<\/p>\n<p>En Chile, la persistencia de brechas salariales de g\u00e9nero y la sobrecarga de trabajo no remunerado evidencian que la inserci\u00f3n laboral femenina no ha ido necesariamente acompa\u00f1ada de una redistribuci\u00f3n efectiva del cuidado. Por ello, las participantes del congreso insistieron en que cualquier agenda laboral futura debe considerar de manera central la articulaci\u00f3n entre trabajo productivo y reproductivo. En este marco, la expansi\u00f3n de la sala cuna universal, una deuda pendiente en este gobierno, y el fortalecimiento del postnatal parental fueron mencionados como medidas clave para avanzar hacia una mayor igualdad en el mercado laboral.<\/p>\n<p>Una segunda dimensi\u00f3n del debate se relaciona con la defensa de los derechos ya conquistados. En el contexto de cambios pol\u00edticos e institucionales, las trabajadoras manifestaron preocupaci\u00f3n por posibles retrocesos en materia de derechos laborales y de g\u00e9nero. Este temor se expres\u00f3 en la reiterada consigna de proteger lo ganado y fortalecer los mecanismos institucionales que garantizan la igualdad.<\/p>\n<p>La historia del movimiento sindical y feminista en Chile demuestra que los derechos laborales no son irreversibles. Por el contrario, su continuidad depende de la capacidad de organizaci\u00f3n colectiva y de la incidencia pol\u00edtica de quienes los defienden. En este sentido, la advertencia de \u201cno retroceder\u201d refleja una lectura cr\u00edtica del contexto actual y una reafirmaci\u00f3n del rol del sindicalismo de mujeres en la defensa de los derechos laborales.<\/p>\n<p>La tercera dimensi\u00f3n, quiz\u00e1s la m\u00e1s significativa desde una perspectiva pol\u00edtica, tiene que ver con los desaf\u00edos internos del propio movimiento de mujeres trabajadoras. M\u00e1s all\u00e1 de las demandas dirigidas al Estado, las participantes del encuentro enfatizaron la necesidad de fortalecer las redes de solidaridad y organizaci\u00f3n entre mujeres. Palabras como \u201cunirnos\u201d, \u201cavanzar juntas\u201d y \u201csalir a la calle\u201d aparecieron reiteradamente en las intervenciones, evidenciando que la acci\u00f3n colectiva contin\u00faa siendo entendida como una herramienta fundamental para impulsar transformaciones sociales.<\/p>\n<p>Este llamado a la unidad no fue planteado \u00fanicamente como una estrategia t\u00e1ctica frente a un contexto pol\u00edtico adverso. Por el contrario, se present\u00f3 como una convicci\u00f3n profunda que reconoce el valor de la colaboraci\u00f3n, la empat\u00eda y el apoyo mutuo entre mujeres trabajadoras. En un escenario marcado por la fragmentaci\u00f3n del mundo laboral y la precarizaci\u00f3n de las condiciones de trabajo, fortalecer los v\u00ednculos organizativos se vuelve una condici\u00f3n clave para sostener y ampliar los derechos conquistados.<\/p>\n<p>En ese sentido, el congreso permiti\u00f3 visibilizar la vitalidad del sindicalismo desarrollado y liderado por mujeres en Chile. Lejos de limitarse a la defensa de intereses sectoriales, las dirigentas presentes situaron sus demandas en un horizonte m\u00e1s amplio de justicia social e igualdad de g\u00e9nero. La consigna hist\u00f3rica del movimiento feminista y sindical \u201cmujeres unidas jam\u00e1s ser\u00e1n vencidas\u201d reson\u00f3 durante la jornada como una declaraci\u00f3n pol\u00edtica que sintetiza la experiencia acumulada de d\u00e9cadas de organizaci\u00f3n colectiva.<\/p>\n<p>De cara a los pr\u00f3ximos cuatro a\u00f1os, el desaf\u00edo para las mujeres trabajadoras parece situarse en una doble estrategia: defender los avances alcanzados y, al mismo tiempo, continuar impulsando nuevas transformaciones. Esto implica fortalecer el movimiento sindical con perspectiva de g\u00e9nero y cuidados, ampliar las alianzas entre organizaciones sociales y sostener la incidencia pol\u00edtica en la agenda p\u00fablica.<\/p>\n<p>&nbsp;<\/p>\n<p>Por<\/p>\n<p>Karen Palma, Vicepresidenta de la Mujer de la Cut<\/p>\n<p>Patricia Retamal, acad\u00e9mica Universidad Cat\u00f3lica del Maule, investigadora adjunta N\u00facleo Milenio LABOFAM<\/p>\n<p>Natalia Zu\u00f1iga, Tesista doctoral N\u00facleo Milenio LABOFAM<\/p>","protected":false},"excerpt":{"rendered":"<p>Las respuestas que emergieron del di\u00e1logo colectivo fueron diversas y convergieron en un diagn\u00f3stico compartido: los avances logrados en materia de derechos laborales y de igualdad de g\u00e9nero siguen siendo fr\u00e1giles y requieren ser defendidos activamente. En este sentido, uno de los consensos m\u00e1s reiterados durante la jornada fue la necesidad de no retroceder en [&hellip;]<\/p>","protected":false},"author":1,"featured_media":401,"comment_status":"open","ping_status":"open","sticky":false,"template":"","format":"standard","meta":{"_acf_changed":false,"footnotes":""},"categories":[25],"tags":[],"class_list":["post-400","post","type-post","status-publish","format-standard","has-post-thumbnail","hentry","category-noticia"],"acf":[],"_links":{"self":[{"href":"https:\/\/labofam.cl\/en\/wp-json\/wp\/v2\/posts\/400","targetHints":{"allow":["GET"]}}],"collection":[{"href":"https:\/\/labofam.cl\/en\/wp-json\/wp\/v2\/posts"}],"about":[{"href":"https:\/\/labofam.cl\/en\/wp-json\/wp\/v2\/types\/post"}],"author":[{"embeddable":true,"href":"https:\/\/labofam.cl\/en\/wp-json\/wp\/v2\/users\/1"}],"replies":[{"embeddable":true,"href":"https:\/\/labofam.cl\/en\/wp-json\/wp\/v2\/comments?post=400"}],"version-history":[{"count":1,"href":"https:\/\/labofam.cl\/en\/wp-json\/wp\/v2\/posts\/400\/revisions"}],"predecessor-version":[{"id":402,"href":"https:\/\/labofam.cl\/en\/wp-json\/wp\/v2\/posts\/400\/revisions\/402"}],"wp:featuredmedia":[{"embeddable":true,"href":"https:\/\/labofam.cl\/en\/wp-json\/wp\/v2\/media\/401"}],"wp:attachment":[{"href":"https:\/\/labofam.cl\/en\/wp-json\/wp\/v2\/media?parent=400"}],"wp:term":[{"taxonomy":"category","embeddable":true,"href":"https:\/\/labofam.cl\/en\/wp-json\/wp\/v2\/categories?post=400"},{"taxonomy":"post_tag","embeddable":true,"href":"https:\/\/labofam.cl\/en\/wp-json\/wp\/v2\/tags?post=400"}],"curies":[{"name":"wp","href":"https:\/\/api.w.org\/{rel}","templated":true}]}}