{"id":396,"date":"2026-03-18T21:32:44","date_gmt":"2026-03-18T20:32:44","guid":{"rendered":"https:\/\/labofam.cl\/?p=396"},"modified":"2026-03-18T21:32:44","modified_gmt":"2026-03-18T20:32:44","slug":"renata-munoz","status":"publish","type":"post","link":"https:\/\/labofam.cl\/en\/2026\/03\/18\/renata-munoz\/","title":{"rendered":"Renata Mu\u00f1oz"},"content":{"rendered":"<p>Licenciada en Sociolog\u00eda por la Universidad Cat\u00f3lica del Maule, donde se gradu\u00f3 en 2023. Adem\u00e1s, obtuvo su Bachillerato en Ciencias Sociales y Econ\u00f3micas en 2020. Durante su formaci\u00f3n acad\u00e9mica, tuvo la oportunidad de expandir sus conocimientos en la Universidad de M\u00e1laga, donde realiz\u00f3 estudios en Trabajo Social, Gesti\u00f3n y Administraci\u00f3n P\u00fablica. Sus \u00e1reas de inter\u00e9s incluyen g\u00e9nero, territorio y clases<br \/>\nsociales. En su experiencia profesional y docente, ha sido ayudante del curso \u00abAn\u00e1lisis de Pol\u00edticas P\u00fablicas\u00bb en la carrera de Sociolog\u00eda de la Universidad Cat\u00f3lica del Maule durante los a\u00f1os 2022 y 2023. Adem\u00e1s, trabaj\u00f3 como profesora en el programa CAP, apoyando a estudiantes con capacidades diferentes entre 2021 y 2023. Tambi\u00e9n se desempe\u00f1\u00f3 como examinadora en SIMCE 2023.<\/p>\n<p>Su labor investigativa incluye ser parte del proyecto de la Universidad Cat\u00f3lica del Maule sobre el uso del tiempo en mujeres, financiado por COES. Ha brindado apoyo profesional en la Comisi\u00f3n de G\u00e9nero en la Convenci\u00f3n Constitucional para la Regi\u00f3n del Maule y ha trabajado como profesora de espa\u00f1ol en la escuela \u201cChoublack\u201d para haitianos en Bulnes en 2018. Ha complementado su formaci\u00f3n con cursos en Desarrollo Sustentable y Derechos de Ni\u00f1as, Ni\u00f1os y Adolescentes, y particip\u00f3 en el Congreso Internacional de la Universidad Aut\u00f3noma de Madrid en 2023 sobre la militarizaci\u00f3n de la pol\u00edtica.<\/p>","protected":false},"excerpt":{"rendered":"<p>Licenciada en Sociolog\u00eda por la Universidad Cat\u00f3lica del Maule, donde se gradu\u00f3 en 2023. Adem\u00e1s, obtuvo su Bachillerato en Ciencias Sociales y Econ\u00f3micas en 2020. Durante su formaci\u00f3n acad\u00e9mica, tuvo la oportunidad de expandir sus conocimientos en la Universidad de M\u00e1laga, donde realiz\u00f3 estudios en Trabajo Social, Gesti\u00f3n y Administraci\u00f3n P\u00fablica. Sus \u00e1reas de inter\u00e9s [&hellip;]<\/p>","protected":false},"author":1,"featured_media":397,"comment_status":"open","ping_status":"open","sticky":false,"template":"","format":"standard","meta":{"_acf_changed":false,"footnotes":""},"categories":[17],"tags":[],"class_list":["post-396","post","type-post","status-publish","format-standard","has-post-thumbnail","hentry","category-asistente-de-investigacion"],"acf":[],"_links":{"self":[{"href":"https:\/\/labofam.cl\/en\/wp-json\/wp\/v2\/posts\/396","targetHints":{"allow":["GET"]}}],"collection":[{"href":"https:\/\/labofam.cl\/en\/wp-json\/wp\/v2\/posts"}],"about":[{"href":"https:\/\/labofam.cl\/en\/wp-json\/wp\/v2\/types\/post"}],"author":[{"embeddable":true,"href":"https:\/\/labofam.cl\/en\/wp-json\/wp\/v2\/users\/1"}],"replies":[{"embeddable":true,"href":"https:\/\/labofam.cl\/en\/wp-json\/wp\/v2\/comments?post=396"}],"version-history":[{"count":1,"href":"https:\/\/labofam.cl\/en\/wp-json\/wp\/v2\/posts\/396\/revisions"}],"predecessor-version":[{"id":398,"href":"https:\/\/labofam.cl\/en\/wp-json\/wp\/v2\/posts\/396\/revisions\/398"}],"wp:featuredmedia":[{"embeddable":true,"href":"https:\/\/labofam.cl\/en\/wp-json\/wp\/v2\/media\/397"}],"wp:attachment":[{"href":"https:\/\/labofam.cl\/en\/wp-json\/wp\/v2\/media?parent=396"}],"wp:term":[{"taxonomy":"category","embeddable":true,"href":"https:\/\/labofam.cl\/en\/wp-json\/wp\/v2\/categories?post=396"},{"taxonomy":"post_tag","embeddable":true,"href":"https:\/\/labofam.cl\/en\/wp-json\/wp\/v2\/tags?post=396"}],"curies":[{"name":"wp","href":"https:\/\/api.w.org\/{rel}","templated":true}]}}