{"id":358,"date":"2026-03-06T22:05:57","date_gmt":"2026-03-06T21:05:57","guid":{"rendered":"https:\/\/labofam.cl\/?p=358"},"modified":"2026-03-06T22:05:57","modified_gmt":"2026-03-06T21:05:57","slug":"congreso-mujeres-trabajadoras-organizadas-reunio-a-dirigentas-autoridades-y-academicas-para-debatir-sobre-trabajo-y-derechos","status":"publish","type":"post","link":"https:\/\/labofam.cl\/en\/2026\/03\/06\/congreso-mujeres-trabajadoras-organizadas-reunio-a-dirigentas-autoridades-y-academicas-para-debatir-sobre-trabajo-y-derechos\/","title":{"rendered":"Congreso \u201cMujeres Trabajadoras Organizadas\u201d reuni\u00f3 a dirigentas, autoridades y acad\u00e9micas para debatir sobre trabajo y derechos"},"content":{"rendered":"<p data-start=\"535\" data-end=\"845\">La actividad reuni\u00f3 a dirigentas sindicales, autoridades, investigadoras y representantes de organizaciones sociales para debatir sobre los principales desaf\u00edos que enfrentan hoy las mujeres en el mundo del trabajo, as\u00ed como las estrategias para avanzar en la conquista de nuevos derechos laborales y sociales.<\/p>\n<p data-start=\"847\" data-end=\"1313\">Durante la jornada, la investigadora de LABOFAM <strong data-start=\"895\" data-end=\"915\">Patricia Retamal<\/strong> particip\u00f3 en el foro <strong data-start=\"937\" data-end=\"1042\">\u201cLas mujeres trabajadoras y su demanda por un sistema de cuidados que responda a la realidad laboral\u201d<\/strong>, donde comparti\u00f3 panel con <strong data-start=\"1070\" data-end=\"1111\"><span class=\"hover:entity-accent entity-underline inline cursor-pointer align-baseline\"><span class=\"whitespace-normal\">Patricia Roa<\/span><\/span><\/strong>, Oficial de Programaci\u00f3n para la Oficina del Cono Sur de la <span class=\"hover:entity-accent entity-underline inline cursor-pointer align-baseline\"><span class=\"whitespace-normal\">Organizaci\u00f3n Internacional del Trabajo<\/span><\/span>, y <strong data-start=\"1213\" data-end=\"1254\"><span class=\"hover:entity-accent entity-underline inline cursor-pointer align-baseline\"><span class=\"whitespace-normal\">Karen Palma<\/span><\/span><\/strong>, vicepresidenta de la Mujer y Equidad de G\u00e9nero de la CUT.<\/p>\n<p data-start=\"1315\" data-end=\"1907\">El congreso tambi\u00e9n incluy\u00f3 el foro inaugural <strong data-start=\"1361\" data-end=\"1422\">\u201cLa lucha hist\u00f3rica de las mujeres y los nuevos desaf\u00edos\u201d<\/strong>, en el que participaron <strong data-start=\"1447\" data-end=\"1488\"><span class=\"hover:entity-accent entity-underline inline cursor-pointer align-baseline\"><span class=\"whitespace-normal\">Roxana Pey<\/span><\/span><\/strong>, coordinadora de la <span class=\"hover:entity-accent entity-underline inline cursor-pointer align-baseline\"><span class=\"whitespace-normal\">C\u00e1tedra Amanda Labarca<\/span><\/span> de la <span class=\"hover:entity-accent entity-underline inline cursor-pointer align-baseline\"><span class=\"whitespace-normal\">Universidad de Chile<\/span><\/span>; <strong data-start=\"1592\" data-end=\"1633\"><span class=\"hover:entity-accent entity-underline inline cursor-pointer align-baseline\"><span class=\"whitespace-normal\">Teresa Vald\u00e9s<\/span><\/span><\/strong>, coordinadora del <span class=\"hover:entity-accent entity-underline inline cursor-pointer align-baseline\"><span class=\"whitespace-normal\">Observatorio de G\u00e9nero y Equidad<\/span><\/span>; <strong data-start=\"1691\" data-end=\"1734\"><span class=\"hover:entity-accent entity-underline inline cursor-pointer align-baseline\"><span class=\"whitespace-normal\">Claudia Donaire<\/span><\/span><\/strong>, subsecretaria del <span class=\"hover:entity-accent entity-underline inline cursor-pointer align-baseline\"><span class=\"whitespace-normal\">Ministerio de la Mujer y la Equidad de G\u00e9nero<\/span><\/span>; y <strong data-start=\"1799\" data-end=\"1842\"><span class=\"hover:entity-accent entity-underline inline cursor-pointer align-baseline\"><span class=\"whitespace-normal\">B\u00e1rbara Figueroa<\/span><\/span><\/strong>, secretaria general del <span class=\"hover:entity-accent entity-underline inline cursor-pointer align-baseline\"><span class=\"whitespace-normal\">Partido Comunista de Chile<\/span><\/span>.<\/p>\n<p data-start=\"1909\" data-end=\"2474\">Durante la tarde se desarrollaron diversos paneles de conversaci\u00f3n dedicados a temas clave para el mundo del trabajo desde una perspectiva de g\u00e9nero, entre ellos la salud funcionaria con enfoque de g\u00e9nero; los desaf\u00edos pendientes para erradicar la violencia en el trabajo; la negociaci\u00f3n ramal como herramienta frente a la precarizaci\u00f3n del empleo femenino; las condiciones del trabajo informal o desregulado; el impacto de la rob\u00f3tica, la inteligencia artificial y la automatizaci\u00f3n; y la situaci\u00f3n de las mujeres del campo en materia de reconocimiento y derechos.<\/p>\n<p data-start=\"2476\" data-end=\"2748\">La jornada permiti\u00f3 generar un espacio de di\u00e1logo e intercambio entre el mundo sindical, la academia y las instituciones p\u00fablicas, reafirmando la importancia de la organizaci\u00f3n de las mujeres trabajadoras para avanzar hacia condiciones laborales m\u00e1s justas e igualitarias.<\/p>","protected":false},"excerpt":{"rendered":"<p>La actividad reuni\u00f3 a dirigentas sindicales, autoridades, investigadoras y representantes de organizaciones sociales para debatir sobre los principales desaf\u00edos que enfrentan hoy las mujeres en el mundo del trabajo, as\u00ed como las estrategias para avanzar en la conquista de nuevos derechos laborales y sociales. Durante la jornada, la investigadora de LABOFAM Patricia Retamal particip\u00f3 en [&hellip;]<\/p>","protected":false},"author":1,"featured_media":359,"comment_status":"open","ping_status":"open","sticky":false,"template":"","format":"standard","meta":{"_acf_changed":false,"footnotes":""},"categories":[25],"tags":[],"class_list":["post-358","post","type-post","status-publish","format-standard","has-post-thumbnail","hentry","category-noticia"],"acf":[],"_links":{"self":[{"href":"https:\/\/labofam.cl\/en\/wp-json\/wp\/v2\/posts\/358","targetHints":{"allow":["GET"]}}],"collection":[{"href":"https:\/\/labofam.cl\/en\/wp-json\/wp\/v2\/posts"}],"about":[{"href":"https:\/\/labofam.cl\/en\/wp-json\/wp\/v2\/types\/post"}],"author":[{"embeddable":true,"href":"https:\/\/labofam.cl\/en\/wp-json\/wp\/v2\/users\/1"}],"replies":[{"embeddable":true,"href":"https:\/\/labofam.cl\/en\/wp-json\/wp\/v2\/comments?post=358"}],"version-history":[{"count":1,"href":"https:\/\/labofam.cl\/en\/wp-json\/wp\/v2\/posts\/358\/revisions"}],"predecessor-version":[{"id":360,"href":"https:\/\/labofam.cl\/en\/wp-json\/wp\/v2\/posts\/358\/revisions\/360"}],"wp:featuredmedia":[{"embeddable":true,"href":"https:\/\/labofam.cl\/en\/wp-json\/wp\/v2\/media\/359"}],"wp:attachment":[{"href":"https:\/\/labofam.cl\/en\/wp-json\/wp\/v2\/media?parent=358"}],"wp:term":[{"taxonomy":"category","embeddable":true,"href":"https:\/\/labofam.cl\/en\/wp-json\/wp\/v2\/categories?post=358"},{"taxonomy":"post_tag","embeddable":true,"href":"https:\/\/labofam.cl\/en\/wp-json\/wp\/v2\/tags?post=358"}],"curies":[{"name":"wp","href":"https:\/\/api.w.org\/{rel}","templated":true}]}}