{"id":293,"date":"2025-11-06T21:05:56","date_gmt":"2025-11-06T20:05:56","guid":{"rendered":"https:\/\/labofam.cl\/?p=293"},"modified":"2025-11-06T21:05:56","modified_gmt":"2025-11-06T20:05:56","slug":"aline-bonnefoy","status":"publish","type":"post","link":"https:\/\/labofam.cl\/en\/2025\/11\/06\/aline-bonnefoy\/","title":{"rendered":"Aline Bonnefoy"},"content":{"rendered":"<p>Licenciada en Sociolog\u00eda de la Universidad de Chile. Actualmente es practicante de la l\u00ednea de Trabajo, participaci\u00f3n pol\u00edtica y vida colectiva de Labofam, y realiza su tesis de pregrado sobre subjetividad pol\u00edtica de personas de izquierda en clases privilegiadas.<\/p>","protected":false},"excerpt":{"rendered":"<p>Licenciada en Sociolog\u00eda de la Universidad de Chile. Actualmente es practicante de la l\u00ednea de Trabajo, participaci\u00f3n pol\u00edtica y vida colectiva de Labofam, y realiza su tesis de pregrado sobre subjetividad pol\u00edtica de personas de izquierda en clases privilegiadas.<\/p>","protected":false},"author":1,"featured_media":290,"comment_status":"open","ping_status":"open","sticky":false,"template":"","format":"standard","meta":{"_acf_changed":false,"footnotes":""},"categories":[23],"tags":[],"class_list":["post-293","post","type-post","status-publish","format-standard","has-post-thumbnail","hentry","category-formacion"],"acf":[],"_links":{"self":[{"href":"https:\/\/labofam.cl\/en\/wp-json\/wp\/v2\/posts\/293","targetHints":{"allow":["GET"]}}],"collection":[{"href":"https:\/\/labofam.cl\/en\/wp-json\/wp\/v2\/posts"}],"about":[{"href":"https:\/\/labofam.cl\/en\/wp-json\/wp\/v2\/types\/post"}],"author":[{"embeddable":true,"href":"https:\/\/labofam.cl\/en\/wp-json\/wp\/v2\/users\/1"}],"replies":[{"embeddable":true,"href":"https:\/\/labofam.cl\/en\/wp-json\/wp\/v2\/comments?post=293"}],"version-history":[{"count":1,"href":"https:\/\/labofam.cl\/en\/wp-json\/wp\/v2\/posts\/293\/revisions"}],"predecessor-version":[{"id":294,"href":"https:\/\/labofam.cl\/en\/wp-json\/wp\/v2\/posts\/293\/revisions\/294"}],"wp:featuredmedia":[{"embeddable":true,"href":"https:\/\/labofam.cl\/en\/wp-json\/wp\/v2\/media\/290"}],"wp:attachment":[{"href":"https:\/\/labofam.cl\/en\/wp-json\/wp\/v2\/media?parent=293"}],"wp:term":[{"taxonomy":"category","embeddable":true,"href":"https:\/\/labofam.cl\/en\/wp-json\/wp\/v2\/categories?post=293"},{"taxonomy":"post_tag","embeddable":true,"href":"https:\/\/labofam.cl\/en\/wp-json\/wp\/v2\/tags?post=293"}],"curies":[{"name":"wp","href":"https:\/\/api.w.org\/{rel}","templated":true}]}}