{"id":17,"date":"2025-06-05T07:26:27","date_gmt":"2025-06-05T05:26:27","guid":{"rendered":"https:\/\/labofam.cl\/?p=17"},"modified":"2026-03-09T22:26:25","modified_gmt":"2026-03-09T21:26:25","slug":"pablo-perez-ahumada","status":"publish","type":"post","link":"https:\/\/labofam.cl\/en\/2025\/06\/05\/pablo-perez-ahumada\/","title":{"rendered":"Pablo P\u00e9rez Ahumada"},"content":{"rendered":"<p>Pablo P\u00e9rez Ahumada es PhD en en Sociolog\u00eda de la Universidad de California, San Diego, EE. UU. (2017), Magister en Sociolog\u00eda de la Universidad Cat\u00f3lica de Chile (2010) y Soci\u00f3logo y Licenciado en Sociolog\u00eda de la Universidad de Chile (2008).<\/p>\n<p>Actualmente se desempe\u00f1a como Profesor Asociado del Departamento de Sociolog\u00eda de la Universidad de Chile y como Investigador Adjunto del Centro de Estudios del Conflicto y la Cohesi\u00f3n Social (COES). Es Investigador Responsable del proyecto FONDECYT regular N\u00ba 1230056 (2023\u20132027): \u201cClases sociales, movimientos sindicales y conflicto en tiempos de crisis: un estudio comparativo de Argentina y Chile\u201d y subdirector del Observatorio de Huelgas Laborales (COES \/ UAH). Es autor del libro \u201cBuilding power to shape labor policy: Unions, employer associations, and reform in neoliberal Chile\u201d (The University of Pittsburgh Press, 2023), el cual fue traducido al espa\u00f1ol bajo el t\u00edtulo \u201cPoder de clase y pol\u00edtica laboral: Sindicatos, asociaciones empresariales y reforma en Chile\u201d (Universidad Alberto Hurtado Ediciones, 2024).<\/p>\n<p>Sus art\u00edculos han sido publicados en revistas como Research in Social Stratification and Mobility, European Journal of Industrial Relations, Business and Politics y Critical Sociology. Adem\u00e1s de sus investigaciones, es miembro del Comit\u00e9 Editorial de la American Sociological Review (ASR) y editor de la Revista de Sociolog\u00eda de la Universidad de Chile.<\/p>","protected":false},"excerpt":{"rendered":"<p>Pablo P\u00e9rez Ahumada es PhD en en Sociolog\u00eda de la Universidad de California, San Diego, EE. UU. (2017), Magister en Sociolog\u00eda de la Universidad Cat\u00f3lica de Chile (2010) y Soci\u00f3logo y Licenciado en Sociolog\u00eda de la Universidad de Chile (2008). Actualmente se desempe\u00f1a como Profesor Asociado del Departamento de Sociolog\u00eda de la Universidad de Chile [&hellip;]<\/p>","protected":false},"author":1,"featured_media":195,"comment_status":"open","ping_status":"open","sticky":false,"template":"","format":"standard","meta":{"_acf_changed":false,"footnotes":""},"categories":[13],"tags":[],"class_list":["post-17","post","type-post","status-publish","format-standard","has-post-thumbnail","hentry","category-director"],"acf":[],"_links":{"self":[{"href":"https:\/\/labofam.cl\/en\/wp-json\/wp\/v2\/posts\/17","targetHints":{"allow":["GET"]}}],"collection":[{"href":"https:\/\/labofam.cl\/en\/wp-json\/wp\/v2\/posts"}],"about":[{"href":"https:\/\/labofam.cl\/en\/wp-json\/wp\/v2\/types\/post"}],"author":[{"embeddable":true,"href":"https:\/\/labofam.cl\/en\/wp-json\/wp\/v2\/users\/1"}],"replies":[{"embeddable":true,"href":"https:\/\/labofam.cl\/en\/wp-json\/wp\/v2\/comments?post=17"}],"version-history":[{"count":7,"href":"https:\/\/labofam.cl\/en\/wp-json\/wp\/v2\/posts\/17\/revisions"}],"predecessor-version":[{"id":391,"href":"https:\/\/labofam.cl\/en\/wp-json\/wp\/v2\/posts\/17\/revisions\/391"}],"wp:featuredmedia":[{"embeddable":true,"href":"https:\/\/labofam.cl\/en\/wp-json\/wp\/v2\/media\/195"}],"wp:attachment":[{"href":"https:\/\/labofam.cl\/en\/wp-json\/wp\/v2\/media?parent=17"}],"wp:term":[{"taxonomy":"category","embeddable":true,"href":"https:\/\/labofam.cl\/en\/wp-json\/wp\/v2\/categories?post=17"},{"taxonomy":"post_tag","embeddable":true,"href":"https:\/\/labofam.cl\/en\/wp-json\/wp\/v2\/tags?post=17"}],"curies":[{"name":"wp","href":"https:\/\/api.w.org\/{rel}","templated":true}]}}