{"id":104,"date":"2025-06-11T14:00:35","date_gmt":"2025-06-11T12:00:35","guid":{"rendered":"https:\/\/labofam.cl\/?p=104"},"modified":"2025-06-26T16:32:03","modified_gmt":"2025-06-26T14:32:03","slug":"teresa-barrera","status":"publish","type":"post","link":"https:\/\/labofam.cl\/en\/2025\/06\/11\/teresa-barrera\/","title":{"rendered":"Teresa Barrera"},"content":{"rendered":"<p>Soci\u00f3loga y Mag\u00edster en Gesti\u00f3n y Pol\u00edticas P\u00fablicas de la Universidad de Chile.<\/p>\n<p>Teresa trabaj\u00f3 en la coordinaci\u00f3n acad\u00e9mica del Doctorado en Sociolog\u00eda de la Universidad Alberto Hurtado y ha participado en diversos proyectos de investigaci\u00f3n, utilizando metodolog\u00edas cuantitativas y mixtas. Actualmente es asistente de investigaci\u00f3n en el proyecto \u201cG\u00e9nero, polic\u00eda y m\u00e1rgenes urbanos: explorando las pr\u00e1cticas e interacciones sociales de la polic\u00eda con los sujetos en los m\u00e1rgenes urbanos\u201d (Fondecyt Regular N\u00b0 1240879).<\/p>","protected":false},"excerpt":{"rendered":"<p>Soci\u00f3loga y Mag\u00edster en Gesti\u00f3n y Pol\u00edticas P\u00fablicas de la Universidad de Chile. Teresa trabaj\u00f3 en la coordinaci\u00f3n acad\u00e9mica del Doctorado en Sociolog\u00eda de la Universidad Alberto Hurtado y ha participado en diversos proyectos de investigaci\u00f3n, utilizando metodolog\u00edas cuantitativas y mixtas. Actualmente es asistente de investigaci\u00f3n en el proyecto \u201cG\u00e9nero, polic\u00eda y m\u00e1rgenes urbanos: explorando [&hellip;]<\/p>","protected":false},"author":1,"featured_media":224,"comment_status":"open","ping_status":"open","sticky":false,"template":"","format":"standard","meta":{"_acf_changed":false,"footnotes":""},"categories":[20],"tags":[],"class_list":["post-104","post","type-post","status-publish","format-standard","has-post-thumbnail","hentry","category-coordinadora-academica"],"acf":[],"_links":{"self":[{"href":"https:\/\/labofam.cl\/en\/wp-json\/wp\/v2\/posts\/104","targetHints":{"allow":["GET"]}}],"collection":[{"href":"https:\/\/labofam.cl\/en\/wp-json\/wp\/v2\/posts"}],"about":[{"href":"https:\/\/labofam.cl\/en\/wp-json\/wp\/v2\/types\/post"}],"author":[{"embeddable":true,"href":"https:\/\/labofam.cl\/en\/wp-json\/wp\/v2\/users\/1"}],"replies":[{"embeddable":true,"href":"https:\/\/labofam.cl\/en\/wp-json\/wp\/v2\/comments?post=104"}],"version-history":[{"count":1,"href":"https:\/\/labofam.cl\/en\/wp-json\/wp\/v2\/posts\/104\/revisions"}],"predecessor-version":[{"id":105,"href":"https:\/\/labofam.cl\/en\/wp-json\/wp\/v2\/posts\/104\/revisions\/105"}],"wp:featuredmedia":[{"embeddable":true,"href":"https:\/\/labofam.cl\/en\/wp-json\/wp\/v2\/media\/224"}],"wp:attachment":[{"href":"https:\/\/labofam.cl\/en\/wp-json\/wp\/v2\/media?parent=104"}],"wp:term":[{"taxonomy":"category","embeddable":true,"href":"https:\/\/labofam.cl\/en\/wp-json\/wp\/v2\/categories?post=104"},{"taxonomy":"post_tag","embeddable":true,"href":"https:\/\/labofam.cl\/en\/wp-json\/wp\/v2\/tags?post=104"}],"curies":[{"name":"wp","href":"https:\/\/api.w.org\/{rel}","templated":true}]}}